{"id":6,"date":"2017-11-02T12:34:29","date_gmt":"2017-11-02T10:34:29","guid":{"rendered":"http:\/\/demo.pinethemes.com\/redea\/demo1\/?p=6"},"modified":"2018-06-02T17:56:55","modified_gmt":"2018-06-02T17:56:55","slug":"redea-multipurpose-theme-yayinlandi","status":"publish","type":"post","link":"https:\/\/test.wptemalari.net\/redea\/redea-multipurpose-theme-yayinlandi\/","title":{"rendered":"Redea Multipurpose Theme Yay\u0131nland\u0131!"},"content":{"rendered":"<p>Ezelinden beri elmalarla i\u00e7li d\u0131\u015fl\u0131 olan Apple \u2018\u0131n logosu hakk\u0131nda bir \u00e7ok farkl\u0131 hikaye duymu\u015fsunuzdur, bunlar\u0131n bir \u00e7o\u011fu firma kurucusu Steve Jobs \u2018un yoksul bir \u00e7ocukluk ve \u00f6\u011frencilik hayat\u0131 ge\u00e7irdi\u011fi, beslenme \u00e7antas\u0131nda \u00e7o\u011funlukla tek bir elma oldu\u011fu, haliyle kurdu\u011fu firma i\u00e7in kulland\u0131\u011f\u0131 logonun da bu hazin \u00e7ocukluktan esinlendi\u011fiyle alakal\u0131d\u0131r. \u015eehir efsanesi tad\u0131ndaki bir di\u011fer hikaye de Steve amcan\u0131n vakti zaman\u0131nda bir sevgilisi\/\u00e7ocu\u011fu oldu\u011fu ve bu kimsenin zehirli\/bozuk bir elma yiyerek \u00f6ld\u00fc\u011f\u00fcn\u00fc anlat\u0131r.<\/p>\n<p>Star Gazetesi yazarlar\u0131ndan Eser Karaka\u015f bir yaz\u0131s\u0131nda konuyla ilgili ufak bir anektod anlatm\u0131\u015f, Macintosh firmas\u0131n\u0131n resmi olarak kabul etmedi\u011fi ve ta ikinci d\u00fcnya sava\u015f\u0131 y\u0131llar\u0131na dayanan bu enteresan hikayeyi aynen aktar\u0131yorum.<\/p>\n<p>\u0130kinci D\u00fcnya Sava\u015f\u0131 \u2018nda bir \u0130ngiliz bilimadam\u0131, Alan Turing, Almanlar\u2019\u0131n kulland\u0131\u011f\u0131 \u00fcnl\u00fc Enigma isimli \u015fifre mekanizmas\u0131n\u0131 \u00e7\u00f6zerek sava\u015f\u0131n gidi\u015fat\u0131n\u0131 ciddi bir bi\u00e7imde etkiliyor.<br \/>\nEnigma \u2018n\u0131n \u00e7\u00f6z\u00fclmesiyle beraber Alman denizalt\u0131lar\u0131 zor durumda kal\u0131yor, Alman sava\u015f u\u00e7aklar\u0131n\u0131n Londra \u00fczerinde ger\u00e7ekle\u015ftirdikleri bombard\u0131manlar nispeten etkisizle\u015fiyor ve t\u00fcm bunlar bir matematik\u00e7i, Alan Turing \u2018in dehas\u0131yla oluyor.<\/p>\n<p>Sava\u015f sonras\u0131 ise Alan Turing\u2019in ba\u015f\u0131na korkun\u00e7 \u015feyler geliyor; dahi matematik\u00e7i Alan Turing bir e\u015fcinsel ve bir g\u00fcn \u00fcniversitedeki odas\u0131nda bir erkek \u00f6\u011frenciyle yakalan\u0131yor.<\/p>\n<p>O tarihlerde \u0130ngiltere\u2019de e\u015fcinsellik b\u00fcy\u00fck bir su\u00e7 ve yasalar Turing\u2019e iki yol \u00f6neriyor; birincisi uzun bir hapis cezas\u0131, ikincisi ise bir ila\u00e7 tedavisiyle had\u0131mla\u015ft\u0131r\u0131lmak. Her iki alternatif de Turing\u2019e kabul edilemez geliyor ve bir elman\u0131n i\u00e7ine bir gergedan\u0131 dahi hemen \u00f6ld\u00fcrecek miktarda bir zehir enjekte ediyor, bu elmadan bir \u0131s\u0131r\u0131k alarak ya\u015fam\u0131na son veriyor.<\/p>\n<p>Alan Turing\u2019in cesedi bulundu\u011funda yan\u0131nda \u00fczerinden bir \u0131s\u0131r\u0131k al\u0131nm\u0131\u015f elma da bulunuyor.<\/p>\n<p>Macintosh firmas\u0131n\u0131n kurucular\u0131 da, kendileri bu konuda bir a\u00e7\u0131klama yapmamakla birlikte, bu ucundan bir \u0131s\u0131r\u0131k al\u0131nm\u0131\u015f elmay\u0131, bilgisayarlar\u0131n babas\u0131 say\u0131lan Alan Turing\u2019e sayg\u0131lar\u0131ndan bilgisayar firmalar\u0131n\u0131n simgesi yap\u0131yorlar ve Alan Turing Alman ordusunun bu \u015fifre sistemini b\u0131rak\u0131n geli\u015fmi\u015fini, ortada ilkel bir bilgisayar dahi olmaks\u0131z\u0131n k\u0131r\u0131yor.<br \/>\n<strong>Eser Karaka\u015f<\/strong> \/ <a href=\"http:\/\/www.egonomik.com\/2010\/01\/apple-macintosh-logosu-nerden-geliyor\/\">Kaynak<\/a><\/p>\n<p>Ger\u00e7ektende Apple \u2018\u0131n tek renkli hale getirilip modernize edilmeden \u00f6nceki logosu bir \u00e7ok literat\u00fcrde e\u015fcinsel simgesi olarak kabul edilen g\u00f6kku\u015fa\u011f\u0131 renklerindeydi.<\/p>\n","protected":false},"excerpt":{"rendered":"<p>Ezelinden beri elmalarla i\u00e7li d\u0131\u015fl\u0131 olan Apple \u2018\u0131n logosu hakk\u0131nda bir \u00e7ok farkl\u0131 hikaye duymu\u015fsunuzdur, bunlar\u0131n bir \u00e7o\u011fu firma kurucusu Steve Jobs \u2018un yoksul bir \u00e7ocukluk ve \u00f6\u011frencilik hayat\u0131 ge\u00e7irdi\u011fi, beslenme \u00e7antas\u0131nda \u00e7o\u011funlukla tek bir elma oldu\u011fu, haliyle kurdu\u011fu firma i\u00e7in kulland\u0131\u011f\u0131 logonun da bu hazin \u00e7ocukluktan esinlendi\u011fiyle alakal\u0131d\u0131r. \u015eehir efsanesi tad\u0131ndaki bir di\u011fer hikaye [&hellip;]<\/p>\n","protected":false},"author":2,"featured_media":158,"comment_status":"open","ping_status":"open","sticky":true,"template":"","format":"standard","meta":{"footnotes":""},"categories":[8],"tags":[9,11,12,13,14,16,22,24,26,30,34,35,36,37],"class_list":["post-6","post","type-post","status-publish","format-standard","has-post-thumbnail","hentry","category-wordpress","tag-apple","tag-design","tag-egonomik","tag-flat","tag-genel","tag-html5","tag-kodlama","tag-material","tag-multipurpose","tag-redea","tag-tema","tag-themeforest","tag-webtekno","tag-wordpress"],"_links":{"self":[{"href":"https:\/\/test.wptemalari.net\/redea\/wp-json\/wp\/v2\/posts\/6","targetHints":{"allow":["GET"]}}],"collection":[{"href":"https:\/\/test.wptemalari.net\/redea\/wp-json\/wp\/v2\/posts"}],"about":[{"href":"https:\/\/test.wptemalari.net\/redea\/wp-json\/wp\/v2\/types\/post"}],"author":[{"embeddable":true,"href":"https:\/\/test.wptemalari.net\/redea\/wp-json\/wp\/v2\/users\/2"}],"replies":[{"embeddable":true,"href":"https:\/\/test.wptemalari.net\/redea\/wp-json\/wp\/v2\/comments?post=6"}],"version-history":[{"count":2,"href":"https:\/\/test.wptemalari.net\/redea\/wp-json\/wp\/v2\/posts\/6\/revisions"}],"predecessor-version":[{"id":177,"href":"https:\/\/test.wptemalari.net\/redea\/wp-json\/wp\/v2\/posts\/6\/revisions\/177"}],"wp:featuredmedia":[{"embeddable":true,"href":"https:\/\/test.wptemalari.net\/redea\/wp-json\/wp\/v2\/media\/158"}],"wp:attachment":[{"href":"https:\/\/test.wptemalari.net\/redea\/wp-json\/wp\/v2\/media?parent=6"}],"wp:term":[{"taxonomy":"category","embeddable":true,"href":"https:\/\/test.wptemalari.net\/redea\/wp-json\/wp\/v2\/categories?post=6"},{"taxonomy":"post_tag","embeddable":true,"href":"https:\/\/test.wptemalari.net\/redea\/wp-json\/wp\/v2\/tags?post=6"}],"curies":[{"name":"wp","href":"https:\/\/api.w.org\/{rel}","templated":true}]}}